{"id":8268,"date":"2023-01-10T07:30:11","date_gmt":"2023-01-10T07:30:11","guid":{"rendered":"http:\/\/www.grangaladipappagalli.org\/?p=8268"},"modified":"2023-02-21T10:19:52","modified_gmt":"2023-02-21T10:19:52","slug":"sara-mainardi","status":"publish","type":"post","link":"https:\/\/www.grangaladipappagalli.org\/?p=8268","title":{"rendered":"SARA MAINARDI"},"content":{"rendered":"\n<div class=\"wp-block-media-text alignwide is-stacked-on-mobile\"><figure class=\"wp-block-media-text__media\"><img loading=\"lazy\" decoding=\"async\" width=\"720\" height=\"720\" src=\"http:\/\/www.grangaladipappagalli.org\/wp-content\/uploads\/2023\/01\/IMG-20230103-WA0066.jpg\" alt=\"\" class=\"wp-image-8547 size-full\" srcset=\"https:\/\/www.grangaladipappagalli.org\/wp-content\/uploads\/2023\/01\/IMG-20230103-WA0066.jpg 720w, https:\/\/www.grangaladipappagalli.org\/wp-content\/uploads\/2023\/01\/IMG-20230103-WA0066-300x300.jpg 300w, https:\/\/www.grangaladipappagalli.org\/wp-content\/uploads\/2023\/01\/IMG-20230103-WA0066-150x150.jpg 150w\" sizes=\"auto, (max-width: 720px) 100vw, 720px\" \/><\/figure><div class=\"wp-block-media-text__content\">\n<p class=\"wp-block-paragraph\"><strong>Dott.ssa in Scienze Naturali<\/strong><\/p>\n\n\n\n<p class=\"wp-block-paragraph\"><strong>Consulente di etologia applicata alla relazione uomo-animale e in progetti di Animal Learning.<\/strong><\/p>\n<\/div><\/div>\n\n\n\n<h3 class=\"wp-block-heading\">IL PERCORSO FORMATIVO<\/h3>\n\n\n\n<p class=\"wp-block-paragraph\"><strong>Frequenta la facolt\u00e0 di Scienze Naturali<\/strong>\u00a0tra Padova e Pavia, sperimenta la ricerca sul campo in Africa, impara come ecologia, fattori ambientali e interazioni con l\u2019uomo incidano sul comportamento. Si laurea con una tesi sperimentale svolta in Tanzania (specie studiata\u00a0<em>Sousa plumbea<\/em>) e dal 2005 inizia un\u00a0<strong>percorso formativo professionale di Bird Training<\/strong>\u00a0e di\u00a0<strong>tecniche di Animal<\/strong>\u00a0<strong>Learning<\/strong>\u00a0in Portogallo e Italia. Continua l\u2019esperienza lavorativa e formativa con molte specie animali: oltre a psittaciformi, uccelli acquatici, corvi, rapaci, roditori, conigli, furetti e cani.<\/p>\n\n\n\n<div class=\"wp-block-media-text alignwide has-media-on-the-right is-stacked-on-mobile\" style=\"grid-template-columns:auto 45%\"><div class=\"wp-block-media-text__content\">\n<p class=\"wp-block-paragraph\">Negli\u00a0<strong>Stati Uniti partecipa a un internship<\/strong>\u00a0presso la rescue\u00a0<em>The Gabriel Foundation<\/em>\u00a0in Colorado per sviluppare progetti di\u00a0<strong>training medico e rieducativo per pappagalli<\/strong>. Tornata in Italia intraprende un percorso formativo sull\u2019<strong>approccio cognitivo-zooantropologico<\/strong>\u00a0alla relazione uomo-animale.<\/p>\n<\/div><figure class=\"wp-block-media-text__media\"><img loading=\"lazy\" decoding=\"async\" width=\"386\" height=\"344\" src=\"http:\/\/www.grangaladipappagalli.org\/wp-content\/uploads\/2023\/01\/IMG-20230103-WA0068.jpg\" alt=\"\" class=\"wp-image-8548 size-full\" srcset=\"https:\/\/www.grangaladipappagalli.org\/wp-content\/uploads\/2023\/01\/IMG-20230103-WA0068.jpg 386w, https:\/\/www.grangaladipappagalli.org\/wp-content\/uploads\/2023\/01\/IMG-20230103-WA0068-300x267.jpg 300w\" sizes=\"auto, (max-width: 386px) 100vw, 386px\" \/><\/figure><\/div>\n\n\n\n<p class=\"wp-block-paragraph\">Dopo tanti studi l\u2019indole viandante chiama e sperimenta l&#8217;osservazione degli psittaciformi in ambiente naturale&nbsp;(Indonesia e Costa Rica) per elaborare, col tempo e l\u2019esperienza, degli&nbsp;<strong>applicativi in ambito relazionale.<\/strong><\/p>\n\n\n\n<p class=\"wp-block-paragraph\"><strong>Negli anni frequenta corsi di aggiornamento<\/strong>&nbsp;in vari ambiti: scienze cognitive, processi di apprendimento, analisi applicata del comportamento, psicologia e didattica speciale, etologia, tecniche di T-touch, medicina del comportamento. Con le conoscenze acquisite continua a sperimentare idee e la relazione con gli altri animali.<\/p>\n\n\n\n<p class=\"wp-block-paragraph\">Ha&nbsp;<strong>relazionato in corsi formativi<\/strong>&nbsp;per medici veterinari, educatori cinofili, universit\u00e0, corsi di etologia applicata e di comunicazione.<\/p>\n\n\n\n<h1 class=\"wp-block-heading\">COSA LE ABBIAMO CHIESTO<\/h1>\n\n\n\n<h3 class=\"wp-block-heading\">1) Chi \u00e8 un etologo e perch\u00e9 hai scelto di specializzarti nei pappagalli?<\/h3>\n\n\n\n<p class=\"wp-block-paragraph\">Un etologo \u00e8 uno studioso del comportamento in ambiente naturale. Mi sono laureata in scienze naturali quasi vent&#8217;anni fa e ho continuato a studiare etologia degli psittaciformi. Questi studi li applico alla relazione con l&#8217;uomo e in particolare alla vita in famiglia per far conoscere i pappagalli in tutte le loro sfaccettature (comunicazione, vita naturale, caratteristiche sociali, &#8230;), per prevenire o risolvere disagi e garantire un alto livello di benessere.<br>Il mio incontro con i pappagalli \u00e8 stato un percorso casuale, una settimana dopo la laurea, che poi \u00e8 risultato cos\u00ec adatto a me da sembrare quasi destino!<\/p>\n\n\n\n<h3 class=\"wp-block-heading\">2) Qual \u00e8 stato il tuo primo contatto con un pappagallo?<\/h3>\n\n\n\n<div class=\"wp-block-media-text alignwide has-media-on-the-right is-stacked-on-mobile\" style=\"grid-template-columns:auto 38%\"><div class=\"wp-block-media-text__content\">\n<p class=\"wp-block-paragraph\">Il primo contatto l&#8217;ho avuto con un cacatua galerita di nome Massimo, un soggetto giovane, aveva meno di un anno, ci avevano abbinato, io dovevo insegnare a lui durante uno stage in Portogallo di formazione sulle tecniche di apprendimento (Animal Learning). La verit\u00e0 \u00e8 che stavo imparando da lui, il bisogno sociale e di sicurezza che hanno, le grandi potenzialit\u00e0 cognitive, la loro comunicazione. Ogni animale con cui ho vissuto e con cui mi sono relazionata ha un posto nella mia memoria, un valore.<\/p>\n<\/div><figure class=\"wp-block-media-text__media\"><img loading=\"lazy\" decoding=\"async\" width=\"734\" height=\"1024\" src=\"http:\/\/www.grangaladipappagalli.org\/wp-content\/uploads\/2023\/01\/IMG-20230105-WA0047-734x1024.jpg\" alt=\"\" class=\"wp-image-8549 size-full\" srcset=\"https:\/\/www.grangaladipappagalli.org\/wp-content\/uploads\/2023\/01\/IMG-20230105-WA0047-734x1024.jpg 734w, https:\/\/www.grangaladipappagalli.org\/wp-content\/uploads\/2023\/01\/IMG-20230105-WA0047-215x300.jpg 215w, https:\/\/www.grangaladipappagalli.org\/wp-content\/uploads\/2023\/01\/IMG-20230105-WA0047-768x1071.jpg 768w, https:\/\/www.grangaladipappagalli.org\/wp-content\/uploads\/2023\/01\/IMG-20230105-WA0047-1101x1536.jpg 1101w, https:\/\/www.grangaladipappagalli.org\/wp-content\/uploads\/2023\/01\/IMG-20230105-WA0047.jpg 1147w\" sizes=\"auto, (max-width: 734px) 100vw, 734px\" \/><\/figure><\/div>\n\n\n\n<h3 class=\"wp-block-heading\">3) Qual \u00e8 la problematica che riscontri pi\u00f9 spesso nei pappagalli in allevamento? E nei pappagalli di affezione?<\/h3>\n\n\n\n<p class=\"wp-block-paragraph\">Nelle fasi di allevamento a mano l&#8217;uomo si dedica molto all&#8217;alimentazione e ai parametri vitali e di crescita da un punto di vista fisiologico. Con le conoscenze che abbiamo andrebbero fatte maggiori valutazioni sui bisogni cognitivi e sociali, sulle fasi di ipo- e iper-stimolazione ambientale prima e dopo l&#8217;involo, mirando a protocolli di allevamento che favoriscano una crescita sana anche da un punto di vista comportamentale\/caratteriale. Negli allevamenti genitoriali, i miei preferiti, penso che potrebbero essere sviluppati dei protocolli per favorire l&#8217;adozione di questi soggetti, meno richiesti perch\u00e8 la costruzione relazionale \u00e8 inizialmente pi\u00f9 complessa soprattutto se devono farla famiglie inesperte. Se l&#8217;allevatore creasse una fase intermedia di socializzazione con l&#8217;uomo e di sperimentazione ambientale le adozioni di questi soggetti potrebbero essere favorite.<br>Nei pappagalli in famiglia riscontro disagi sia da parte del pappagallo che dalla parte umana associate al voler adattare i pappagalli allo stile di vita e alle tempistiche umane, spesso sbilanciando anche il ritmo circadiano. Dovremmo adottare un animale se il nostro stile di vita ci concede di dedicare tempo giornaliero non solo serale chiedendo a loro di vivere attivit\u00e0 e socialit\u00e0 fuori tempo biologico.<\/p>\n\n\n\n<h3 class=\"wp-block-heading\">4) Qual \u00e8 il ricordo pi\u00f9 bello che hai dei tuoi viaggi per l&#8217;osservazione in natura dei pappagalli?<\/h3>\n\n\n\n<p class=\"wp-block-paragraph\">Nella penisola di Osa, in Costa Rica, c&#8217;\u00e8 il parco naturale del Corcovado, uno dei luoghi con pi\u00f9 biodiversit\u00e0 al mondo. Giunti in prossimit\u00e0 con il nostro Suzuki Jimmy, noleggiato nella capitale, dopo aver guadato un fiume e percorso chilometri di strada sterrata dentro la foresta siamo entrati in una radura, sembrava una zona di pascolo, i caracara erano ai bordi della strada sopra i pali che delimitavano una recinzione, nell&#8217;erba avvoltoi e con le bocche gi\u00e0 spalancate le abbiamo sentite avvicinarsi, vocalizzazioni tipiche nel volo, due coppie di Ara macao ci hanno sorvolato, le prime di molte coppie che abbiamo poi osservato ma la sorpresa nel sentirle prima di vederle e quella emozioni della ricerca visiva \u00e8 il ricordo pi\u00f9 potente.<\/p>\n\n\n\n<h3 class=\"wp-block-heading\">5) Hai (o stai) allevato pappagalli? Se s\u00ec, di che specie?<\/h3>\n\n\n\n<p class=\"wp-block-paragraph\">Durante il mio lavoro nei parchi a tema ho allevato Ara araruna e Agapornis spp., cresciuto giovani di conuro del sole e cacatua. In casa la mia coppia di calopsitte ha allevato da sola la loro figlia ma questa volta ho solo osservato.<\/p>\n\n\n\n<h3 class=\"wp-block-heading\">6) Quale consiglio generico daresti a un allevatore?<\/h3>\n\n\n\n<p class=\"wp-block-paragraph\">Gli allevatori fanno un lavoro importantissimo per le conoscenze che ottengono sulle varie specie e consiglierei di mantenere tutto il loro sapere e di continuare a preservarlo, di avere voglia di curiosare tra le scienze per garantire fasi dello sviluppo dei pappagalli sempre pi\u00f9 adeguate. Consiglierei, in un ottica di benessere, di cedere direttamente senza passare per i negozi e preferibilmente in prossimit\u00e0 dello svezzamento. Meno passaggi sono fatti tra allevatore e famiglia e pi\u00f9 il pappagallo pu\u00f2 creare stabilit\u00e0 e serenit\u00e0.<\/p>\n\n\n\n<h3 class=\"wp-block-heading\">7) Quale consiglio generico daresti a un detentore di pappagallo di affezione?<\/h3>\n\n\n\n<p class=\"wp-block-paragraph\">Alle famiglie che desiderano un pappagallo consiglio di farsi molte domande prima di prendere la decisione di adottare un pappagallo, (quanto tempo ho? posso appagare il loro bisogno sociale? ne adotto uno o due?&#8230;), di scegliere la specie sapendo quanto sono grandi, attive e sonore, a seconda della propria disponibilit\u00e0 di spazio e di tempo e di non decidere solo per l&#8217;attrazione verso una particolare specie. Le difficolt\u00e0 che si trovano dopo se non si \u00e8 fatta una reale valutazione prima potrebbero durare anche 70 anni!<\/p>\n\n\n\n<h1 class=\"wp-block-heading\">COSA STA FACENDO<\/h1>\n\n\n\n<p class=\"wp-block-paragraph\">Fonda la Parrot Academy Italia, progetto a cui aderiscono molti professionisti del settore con cui si confronta e collabora.&nbsp;<strong>La prima academy in Italia interamente dedicata ai pappagalli,&nbsp;<\/strong>una scuola di etologia applicata alla relazione con lo scopo di imparare a rispettare e vivere insieme ai pappagalli, prevenire o risolvere disagi, una scuola per scoprire come comunicano e come possiamo comunicare con loro e quali sono i loro bisogni di specie.<\/p>\n\n\n\n<div class=\"wp-block-media-text alignwide is-stacked-on-mobile\"><figure class=\"wp-block-media-text__media\"><img loading=\"lazy\" decoding=\"async\" width=\"655\" height=\"1024\" src=\"http:\/\/www.grangaladipappagalli.org\/wp-content\/uploads\/2023\/01\/IMG-20230103-WA0070-655x1024.jpg\" alt=\"\" class=\"wp-image-8550 size-full\" srcset=\"https:\/\/www.grangaladipappagalli.org\/wp-content\/uploads\/2023\/01\/IMG-20230103-WA0070-655x1024.jpg 655w, https:\/\/www.grangaladipappagalli.org\/wp-content\/uploads\/2023\/01\/IMG-20230103-WA0070-192x300.jpg 192w, https:\/\/www.grangaladipappagalli.org\/wp-content\/uploads\/2023\/01\/IMG-20230103-WA0070-768x1202.jpg 768w, https:\/\/www.grangaladipappagalli.org\/wp-content\/uploads\/2023\/01\/IMG-20230103-WA0070-982x1536.jpg 982w, https:\/\/www.grangaladipappagalli.org\/wp-content\/uploads\/2023\/01\/IMG-20230103-WA0070.jpg 992w\" sizes=\"auto, (max-width: 655px) 100vw, 655px\" \/><\/figure><div class=\"wp-block-media-text__content\">\n<h1 class=\"wp-block-heading\">LINK &amp; CONTATTI<\/h1>\n\n\n\n<p class=\"wp-block-paragraph\"><a rel=\"noreferrer noopener\" href=\"http:\/\/www.parrotacademy.it\/\" target=\"_blank\">www.parrotacademy.it<\/a><br><a rel=\"noreferrer noopener\" href=\"mailto:info@parrotacademy.it\" target=\"_blank\">info@parrotacademy.it<\/a><br>Instagram &#8211; parrot_academy_italia<br>Facebook &#8211; Parrot Academy Italia<\/p>\n<\/div><\/div>\n","protected":false},"excerpt":{"rendered":"<p>Dott.ssa in Scienze Naturali Consulente di etologia applicata alla relazione uomo-animale e in progetti di Animal Learning. IL PERCORSO FORMATIVO Frequenta la facolt\u00e0 di Scienze Naturali\u00a0tra Padova e Pavia, sperimenta la ricerca sul campo in Africa, impara come ecologia, fattori ambientali e interazioni con l\u2019uomo incidano sul comportamento. Si laurea con una tesi sperimentale svolta &hellip; <a href=\"https:\/\/www.grangaladipappagalli.org\/?p=8268\" class=\"more-link\">Leggi tutto <span class=\"screen-reader-text\">SARA MAINARDI<\/span><\/a><\/p>\n","protected":false},"author":2,"featured_media":0,"comment_status":"open","ping_status":"open","sticky":false,"template":"","format":"standard","meta":{"jetpack_post_was_ever_published":false,"_jetpack_newsletter_access":"","_jetpack_dont_email_post_to_subs":false,"_jetpack_newsletter_tier_id":0,"_jetpack_memberships_contains_paywalled_content":false,"_jetpack_memberships_contains_paid_content":false,"footnotes":"","jetpack_publicize_message":"","jetpack_publicize_feature_enabled":true,"jetpack_social_post_already_shared":true,"jetpack_social_options":{"image_generator_settings":{"template":"highway","default_image_id":0,"font":"","enabled":false},"version":2}},"categories":[26],"tags":[],"class_list":["post-8268","post","type-post","status-publish","format-standard","hentry","category-intervista","no-featured-image"],"jetpack_publicize_connections":[],"jetpack_featured_media_url":"","jetpack_sharing_enabled":true,"jetpack_shortlink":"https:\/\/wp.me\/paXnOP-29m","_links":{"self":[{"href":"https:\/\/www.grangaladipappagalli.org\/index.php?rest_route=\/wp\/v2\/posts\/8268","targetHints":{"allow":["GET"]}}],"collection":[{"href":"https:\/\/www.grangaladipappagalli.org\/index.php?rest_route=\/wp\/v2\/posts"}],"about":[{"href":"https:\/\/www.grangaladipappagalli.org\/index.php?rest_route=\/wp\/v2\/types\/post"}],"author":[{"embeddable":true,"href":"https:\/\/www.grangaladipappagalli.org\/index.php?rest_route=\/wp\/v2\/users\/2"}],"replies":[{"embeddable":true,"href":"https:\/\/www.grangaladipappagalli.org\/index.php?rest_route=%2Fwp%2Fv2%2Fcomments&post=8268"}],"version-history":[{"count":5,"href":"https:\/\/www.grangaladipappagalli.org\/index.php?rest_route=\/wp\/v2\/posts\/8268\/revisions"}],"predecessor-version":[{"id":8558,"href":"https:\/\/www.grangaladipappagalli.org\/index.php?rest_route=\/wp\/v2\/posts\/8268\/revisions\/8558"}],"wp:attachment":[{"href":"https:\/\/www.grangaladipappagalli.org\/index.php?rest_route=%2Fwp%2Fv2%2Fmedia&parent=8268"}],"wp:term":[{"taxonomy":"category","embeddable":true,"href":"https:\/\/www.grangaladipappagalli.org\/index.php?rest_route=%2Fwp%2Fv2%2Fcategories&post=8268"},{"taxonomy":"post_tag","embeddable":true,"href":"https:\/\/www.grangaladipappagalli.org\/index.php?rest_route=%2Fwp%2Fv2%2Ftags&post=8268"}],"curies":[{"name":"wp","href":"https:\/\/api.w.org\/{rel}","templated":true}]}}