{"id":3817,"date":"2018-10-17T12:24:42","date_gmt":"2018-10-17T12:24:42","guid":{"rendered":"http:\/\/www.grangaladipappagalli.org\/?p=3817"},"modified":"2019-05-08T16:04:24","modified_gmt":"2019-05-08T16:04:24","slug":"olomouc-repubblica-ceca","status":"publish","type":"post","link":"https:\/\/www.grangaladipappagalli.org\/?p=3817","title":{"rendered":"Olomouc Repubblica Ceca"},"content":{"rendered":"<p style=\"text-align: center;\">Dal diario di bordo<\/p>\n<p style=\"text-align: center;\">Destinazione Repubblica Ceca<\/p>\n<p>By Maria Tommasi<\/p>\n<h5><em>\u201cE non c\u2019\u00e8 niente di pi\u00f9 bello dell\u2019istante che precede il viaggio, l\u2019istante in cui l\u2019orizzonte del domani viene a renderci visita e a raccontarci le sue promesse.\u201d<\/em><\/h5>\n<h5><em>(Milan Kundera)<\/em><\/h5>\n<p><a href=\"http:\/\/www.grangaladipappagalli.org\/wp-content\/uploads\/2018\/10\/20181016_213132.jpg\" rel=\"attachment wp-att-3838\"><img loading=\"lazy\" decoding=\"async\" class=\"alignleft wp-image-3838 size-thumbnail\" src=\"http:\/\/www.grangaladipappagalli.org\/wp-content\/uploads\/2018\/10\/20181016_213132-150x150.jpg\" alt=\"20181016_213132\" width=\"150\" height=\"150\" \/><\/a><\/p>\n<p>E\u2019 notte fonda quando il bagagliaio del pulmino viene riempito con le nostre cose, i nostri trolley e gli immancabili trasportini. Gi\u00e0 i trasportini, perch\u00e9 non si sa mai\u2026<\/p>\n<p>E\u2019 una notte stellata, e il silenzio viene rotto solo dalle nostre voci, cariche di entusiasmo per questa nuova avventura e scoperta che ci attende.<\/p>\n<p>La compagnia \u00e8 ottima: Attilio e Daniela, Maurizio, Vittorio, Paolo, Giancarlo, e infine io, che per la prima volta ho deciso di buttarmi in questa avventura. Ivica ci raggiunger\u00e0 a destinazione: Olomouc.<\/p>\n<p>Si Parte!<\/p>\n<p>Un lungo viaggio ci attende, ma tra una risata, e i nostri argomenti \u201cpappagallofili\u201d, il viaggio prosegue e il tempo vola piacevolmente.<\/p>\n<p>Arriva l\u2019alba, e abbiamo gi\u00e0 passato il confine con l\u2019Austria. Il paesaggio \u00e8 nettamente cambiato, offrendoci un\u2019esplosione di colori caldi tipici dell\u2019autunno, dal giallo carico all\u2019arancio, dal rosso intenso al violaceo; il tutto intervallato da queste grandi vallate verde brillante, che incorniciavano le casette dal tipico stile austriaco. Un paesaggio davvero unico e particolare.<\/p>\n<p>Tra un incanto fuori dal finestrino, e le nostre chiacchiere il viaggio prosegue, interrotto solo da un paio di tappe per un caff\u00e8.<\/p>\n<p>Arriviamo in repubblica Ceca, e il paesaggio diventa ancora diverso.<\/p>\n<figure id=\"attachment_3821\" aria-describedby=\"caption-attachment-3821\" style=\"width: 225px\" class=\"wp-caption alignleft\"><a href=\"http:\/\/www.grangaladipappagalli.org\/wp-content\/uploads\/2018\/10\/IMG-20181014-WA0082.jpg\" rel=\"attachment wp-att-3821\"><img loading=\"lazy\" decoding=\"async\" class=\"wp-image-3821 size-medium\" src=\"http:\/\/www.grangaladipappagalli.org\/wp-content\/uploads\/2018\/10\/IMG-20181014-WA0082-225x300.jpg\" alt=\"img-20181014-wa0082\" width=\"225\" height=\"300\" srcset=\"https:\/\/www.grangaladipappagalli.org\/wp-content\/uploads\/2018\/10\/IMG-20181014-WA0082-225x300.jpg 225w, https:\/\/www.grangaladipappagalli.org\/wp-content\/uploads\/2018\/10\/IMG-20181014-WA0082-768x1024.jpg 768w, https:\/\/www.grangaladipappagalli.org\/wp-content\/uploads\/2018\/10\/IMG-20181014-WA0082.jpg 1200w\" sizes=\"auto, (max-width: 225px) 100vw, 225px\" \/><\/a><figcaption id=\"caption-attachment-3821\" class=\"wp-caption-text\">piazza Horn\u00ed<\/figcaption><\/figure>\n<p>Ivica ci attende a Olomouc, la nostra destinazione. Arriviamo intorno alle h 13,30 e alle 14.00 siamo gi\u00e0 a pranzo con Ivica, persona che sono stata lieta di conoscere, molto cordiale e gentile. Ci ha portato in posticini dove sia a pranzo che a cena abbiamo gustato dei piatti davvero deliziosi, oltre che ad essere ospitati in un albergo veramente accogliente dove trascorrere poi qualche ora di riposo prima di una nuova alzata presto al mattino successivo.<\/p>\n<figure id=\"attachment_3820\" aria-describedby=\"caption-attachment-3820\" style=\"width: 169px\" class=\"wp-caption alignleft\"><a href=\"http:\/\/www.grangaladipappagalli.org\/wp-content\/uploads\/2018\/10\/IMG-20181014-WA0084.jpg\" rel=\"attachment wp-att-3820\"><img loading=\"lazy\" decoding=\"async\" class=\"wp-image-3820 size-medium\" src=\"http:\/\/www.grangaladipappagalli.org\/wp-content\/uploads\/2018\/10\/IMG-20181014-WA0084-169x300.jpg\" alt=\"img-20181014-wa0084\" width=\"169\" height=\"300\" srcset=\"https:\/\/www.grangaladipappagalli.org\/wp-content\/uploads\/2018\/10\/IMG-20181014-WA0084-169x300.jpg 169w, https:\/\/www.grangaladipappagalli.org\/wp-content\/uploads\/2018\/10\/IMG-20181014-WA0084-768x1366.jpg 768w, https:\/\/www.grangaladipappagalli.org\/wp-content\/uploads\/2018\/10\/IMG-20181014-WA0084-576x1024.jpg 576w, https:\/\/www.grangaladipappagalli.org\/wp-content\/uploads\/2018\/10\/IMG-20181014-WA0084.jpg 899w\" sizes=\"auto, (max-width: 169px) 100vw, 169px\" \/><\/a><figcaption id=\"caption-attachment-3820\" class=\"wp-caption-text\">Orologio astronomico<\/figcaption><\/figure>\n<p>Anche il pranzo termina, tra una chiacchierata e l\u2019altra, e ci dirigiamo subito verso la nostra prima importante meta: EXOTA a\u00a0 Olomouc.<\/p>\n<figure id=\"attachment_3824\" aria-describedby=\"caption-attachment-3824\" style=\"width: 150px\" class=\"wp-caption alignright\"><a href=\"http:\/\/www.grangaladipappagalli.org\/wp-content\/uploads\/2018\/10\/IMG-20181014-WA0068.jpg\" rel=\"attachment wp-att-3824\"><img loading=\"lazy\" decoding=\"async\" class=\"wp-image-3824 size-thumbnail\" src=\"http:\/\/www.grangaladipappagalli.org\/wp-content\/uploads\/2018\/10\/IMG-20181014-WA0068-150x150.jpg\" alt=\"img-20181014-wa0068\" width=\"150\" height=\"150\" \/><\/a><figcaption id=\"caption-attachment-3824\" class=\"wp-caption-text\"><strong>Cacatua nero magnifico\u00a0<\/strong> Calyptorhynchus-magnificus<\/figcaption><\/figure>\n<p>Qui abbiamo potuto ammirare un ampio spazio disposto su due piani in modo tondeggiante, in cui erano presenti in tutto il contorno voliere veramente ben strutturate negli spazi e nell\u2019arredo di piante oltre che pulitissime, e dentro le \u201cchicche\u201d, coppie di pappagalli di specie rare e preziose, di una bellezza abbagliante.<\/p>\n<p>Al centro di questa struttura, come una pietra preziosa, erano disposte le voliere con le specie pi\u00f9 rare e di taglia maggiore. Esemplari che certamente non si vedono tutti i giorni come le Ara Giacinto <em>Anodorhynchus<\/em> hyacinthinus<\/p>\n<figure id=\"attachment_3825\" aria-describedby=\"caption-attachment-3825\" style=\"width: 283px\" class=\"wp-caption alignleft\"><a href=\"http:\/\/www.grangaladipappagalli.org\/wp-content\/uploads\/2018\/10\/IMG-20181014-WA0067.jpg\" rel=\"attachment wp-att-3825\"><img loading=\"lazy\" decoding=\"async\" class=\"wp-image-3825 size-medium\" src=\"http:\/\/www.grangaladipappagalli.org\/wp-content\/uploads\/2018\/10\/IMG-20181014-WA0067-283x300.jpg\" alt=\"img-20181014-wa0067\" width=\"283\" height=\"300\" srcset=\"https:\/\/www.grangaladipappagalli.org\/wp-content\/uploads\/2018\/10\/IMG-20181014-WA0067-283x300.jpg 283w, https:\/\/www.grangaladipappagalli.org\/wp-content\/uploads\/2018\/10\/IMG-20181014-WA0067-768x815.jpg 768w, https:\/\/www.grangaladipappagalli.org\/wp-content\/uploads\/2018\/10\/IMG-20181014-WA0067-964x1024.jpg 964w, https:\/\/www.grangaladipappagalli.org\/wp-content\/uploads\/2018\/10\/IMG-20181014-WA0067.jpg 1393w\" sizes=\"auto, (max-width: 283px) 100vw, 283px\" \/><\/a><figcaption id=\"caption-attachment-3825\" class=\"wp-caption-text\"><strong>Pappagallo coda corta<\/strong> ( Graydidascalus brachyurus)<\/figcaption><\/figure>\n<p>, e altre Ara spettacolari, e poco diffuse, per proseguire con il Cacatua a coda rossa magnifico <em>Calyptorhynchus magnificus,<\/em> passando per il Cacatua di Leadbeater\u00a0 o del Maggiore Mitchell <em>Lophochroa leadbeateri<\/em> e tante altre specie ancora estremamente rare.<\/p>\n<p>Salendo al piano superiore le rarit\u00e0 proseguivano con molti lori, e una specie particolare, come il Kea <em>Nestor notabilis<\/em><\/p>\n<figure id=\"attachment_3822\" aria-describedby=\"caption-attachment-3822\" style=\"width: 150px\" class=\"wp-caption alignleft\"><a href=\"http:\/\/www.grangaladipappagalli.org\/wp-content\/uploads\/2018\/10\/IMG-20181014-WA0079.jpg\" rel=\"attachment wp-att-3822\"><img loading=\"lazy\" decoding=\"async\" class=\"wp-image-3822 size-thumbnail\" src=\"http:\/\/www.grangaladipappagalli.org\/wp-content\/uploads\/2018\/10\/IMG-20181014-WA0079-150x150.jpg\" alt=\"img-20181014-wa0079\" width=\"150\" height=\"150\" \/><\/a><figcaption id=\"caption-attachment-3822\" class=\"wp-caption-text\"><strong>Pappagallo di Pesquet<\/strong> (Psittrichas fulgidus)<\/figcaption><\/figure>\n<figure id=\"attachment_3826\" aria-describedby=\"caption-attachment-3826\" style=\"width: 150px\" class=\"wp-caption alignright\"><a href=\"http:\/\/www.grangaladipappagalli.org\/wp-content\/uploads\/2018\/10\/IMG-20181014-WA0065.jpg\" rel=\"attachment wp-att-3826\"><img loading=\"lazy\" decoding=\"async\" class=\"wp-image-3826 size-thumbnail\" src=\"http:\/\/www.grangaladipappagalli.org\/wp-content\/uploads\/2018\/10\/IMG-20181014-WA0065-150x150.jpg\" alt=\"img-20181014-wa0065\" width=\"150\" height=\"150\" \/><\/a><figcaption id=\"caption-attachment-3826\" class=\"wp-caption-text\"><strong>Lori Solitario<\/strong> (Phigys solitarius)<\/figcaption><\/figure>\n<p>Ma la mostra non terminava qui, e ad attenderci c\u2019erano altri padiglioni interessanti, dove nulla veniva lasciato al caso, come ad esempio una grande serra dell\u2019 area geografica specifica dell\u2019 Indonesia pi\u00f9 selvaggia, e tutto quello che la popola e rappresenta: dal mondo botanico, a quello dei rettili. Ma nulla lasciato al caso in questa grande serra dal sapore selvaggio.<\/p>\n<figure id=\"attachment_3827\" aria-describedby=\"caption-attachment-3827\" style=\"width: 236px\" class=\"wp-caption alignleft\"><a href=\"http:\/\/www.grangaladipappagalli.org\/wp-content\/uploads\/2018\/10\/IMG-20181014-WA0063.jpg\" rel=\"attachment wp-att-3827\"><img loading=\"lazy\" decoding=\"async\" class=\"wp-image-3827 size-medium\" src=\"http:\/\/www.grangaladipappagalli.org\/wp-content\/uploads\/2018\/10\/IMG-20181014-WA0063-236x300.jpg\" alt=\"Rhyticeros cassidix Bucero caruncolato o Bucero di Sulawesi\" width=\"236\" height=\"300\" srcset=\"https:\/\/www.grangaladipappagalli.org\/wp-content\/uploads\/2018\/10\/IMG-20181014-WA0063-236x300.jpg 236w, https:\/\/www.grangaladipappagalli.org\/wp-content\/uploads\/2018\/10\/IMG-20181014-WA0063-768x978.jpg 768w, https:\/\/www.grangaladipappagalli.org\/wp-content\/uploads\/2018\/10\/IMG-20181014-WA0063-804x1024.jpg 804w, https:\/\/www.grangaladipappagalli.org\/wp-content\/uploads\/2018\/10\/IMG-20181014-WA0063.jpg 1257w\" sizes=\"auto, (max-width: 236px) 100vw, 236px\" \/><\/a><figcaption id=\"caption-attachment-3827\" class=\"wp-caption-text\"><strong>Bucero caruncolato o Bucero di Sulawesi<\/strong> Rhyticeros cassidix<\/figcaption><\/figure>\n<figure id=\"attachment_3834\" aria-describedby=\"caption-attachment-3834\" style=\"width: 150px\" class=\"wp-caption alignright\"><a href=\"http:\/\/www.grangaladipappagalli.org\/wp-content\/uploads\/2018\/10\/IMG_20181013_173334048.jpg\" rel=\"attachment wp-att-3834\"><img loading=\"lazy\" decoding=\"async\" class=\"wp-image-3834 size-thumbnail\" src=\"http:\/\/www.grangaladipappagalli.org\/wp-content\/uploads\/2018\/10\/IMG_20181013_173334048-150x150.jpg\" alt=\"img_20181013_173334048\" width=\"150\" height=\"150\" \/><\/a><figcaption id=\"caption-attachment-3834\" class=\"wp-caption-text\"><strong>Iguana dai tubercoli<\/strong> (Iguana Iguana)<\/figcaption><\/figure>\n<figure id=\"attachment_3833\" aria-describedby=\"caption-attachment-3833\" style=\"width: 150px\" class=\"wp-caption alignleft\"><a href=\"http:\/\/www.grangaladipappagalli.org\/wp-content\/uploads\/2018\/10\/IMG_20181013_172431991.jpg\" rel=\"attachment wp-att-3833\"><img loading=\"lazy\" decoding=\"async\" class=\"wp-image-3833 size-thumbnail\" src=\"http:\/\/www.grangaladipappagalli.org\/wp-content\/uploads\/2018\/10\/IMG_20181013_172431991-150x150.jpg\" alt=\"img_20181013_172431991\" width=\"150\" height=\"150\" \/><\/a><figcaption id=\"caption-attachment-3833\" class=\"wp-caption-text\">Sculture della Nuova Guinea<\/figcaption><\/figure>\n<p>Era presente un\u2019altra grande serra, con particolari piante grasse.<\/p>\n<p>Arriva sera e si avvicina l\u2019ora di cena. Ivica ci porta in un posticino nel centro di Olomouc davvero molto bello, dall\u2019arredo molto particolare e dal sapore tipico del posto.<\/p>\n<p>E a proposito di sapori, qui abbiamo gustato dei piatti veramente deliziosi; molti di noi hanno scelto un filetto di capriolo davvero memorabile, disposto su una salsina a base di ribes e frutti rossi. Il tutto aromatizzato con del timo fresco.<a href=\"http:\/\/www.grangaladipappagalli.org\/wp-content\/uploads\/2018\/10\/20181016_2137051.jpg\" rel=\"attachment wp-att-3839\"><img loading=\"lazy\" decoding=\"async\" class=\"alignleft size-medium wp-image-3839\" src=\"http:\/\/www.grangaladipappagalli.org\/wp-content\/uploads\/2018\/10\/20181016_2137051-169x300.jpg\" alt=\"20181016_2137051\" width=\"169\" height=\"300\" srcset=\"https:\/\/www.grangaladipappagalli.org\/wp-content\/uploads\/2018\/10\/20181016_2137051-169x300.jpg 169w, https:\/\/www.grangaladipappagalli.org\/wp-content\/uploads\/2018\/10\/20181016_2137051-768x1365.jpg 768w, https:\/\/www.grangaladipappagalli.org\/wp-content\/uploads\/2018\/10\/20181016_2137051-576x1024.jpg 576w, https:\/\/www.grangaladipappagalli.org\/wp-content\/uploads\/2018\/10\/20181016_2137051.jpg 1152w\" sizes=\"auto, (max-width: 169px) 100vw, 169px\" \/><\/a><\/p>\n<p>Abbiamo trascorso una serata davvero piacevole, ricca di momenti di allegria, ma anche di confronto su interessanti progetti futuri per il nostro Gran gal\u00e0\u2026<\/p>\n<figure id=\"attachment_3837\" aria-describedby=\"caption-attachment-3837\" style=\"width: 169px\" class=\"wp-caption alignright\"><a href=\"http:\/\/www.grangaladipappagalli.org\/wp-content\/uploads\/2018\/10\/2018-10-15-14-28-26-6691.jpg\" rel=\"attachment wp-att-3837\"><img loading=\"lazy\" decoding=\"async\" class=\"wp-image-3837 size-medium\" src=\"http:\/\/www.grangaladipappagalli.org\/wp-content\/uploads\/2018\/10\/2018-10-15-14-28-26-6691-169x300.jpg\" alt=\"2018-10-15-14-28-26-6691\" width=\"169\" height=\"300\" srcset=\"https:\/\/www.grangaladipappagalli.org\/wp-content\/uploads\/2018\/10\/2018-10-15-14-28-26-6691-169x300.jpg 169w, https:\/\/www.grangaladipappagalli.org\/wp-content\/uploads\/2018\/10\/2018-10-15-14-28-26-6691-768x1365.jpg 768w, https:\/\/www.grangaladipappagalli.org\/wp-content\/uploads\/2018\/10\/2018-10-15-14-28-26-6691-576x1024.jpg 576w, https:\/\/www.grangaladipappagalli.org\/wp-content\/uploads\/2018\/10\/2018-10-15-14-28-26-6691.jpg 900w\" sizes=\"auto, (max-width: 169px) 100vw, 169px\" \/><\/a><figcaption id=\"caption-attachment-3837\" class=\"wp-caption-text\"><strong>Ara giacinto<\/strong> Anodorhynchus hyacinthinus<\/figcaption><\/figure>\n<p>Il tempo passa inesorabile, e le lancette dell\u2019orologio ci ricordano che \u00e8 ora di andare a dormire, perch\u00e9 la sveglia suoner\u00e0 verso le 5. Alle sei ci si ritrova per partire alla volta di un mercato a Prerov, a 25 km da Olomouc, \u00a0verso il quale si era posta qualche potenziale aspettativa per la ricerca di soggetti.<\/p>\n<p>In realt\u00e0 abbiamo visto numerose specie di facile reperibilit\u00e0, Roselle di Pennant in varie mutazioni e Kakariki mutati blu in abbondante numero, Amazzoni ed Eclecti, alcuni esotici e indigeni come Lucherini e Cardellini, dal punto di vista espositivo, si \u00e8 rivelata una delusione in quanto si potrebbe esporre in modo migliore, specialmente per quanto riguarda gli spazi in cui sono tenuti.<\/p>\n<figure id=\"attachment_3818\" aria-describedby=\"caption-attachment-3818\" style=\"width: 300px\" class=\"wp-caption alignleft\"><a href=\"http:\/\/www.grangaladipappagalli.org\/wp-content\/uploads\/2018\/10\/IMG-20181016-WA0006.jpg\" rel=\"attachment wp-att-3818\"><img loading=\"lazy\" decoding=\"async\" class=\"wp-image-3818 size-medium\" src=\"http:\/\/www.grangaladipappagalli.org\/wp-content\/uploads\/2018\/10\/IMG-20181016-WA0006-300x225.jpg\" alt=\"img-20181016-wa0006\" width=\"300\" height=\"225\" srcset=\"https:\/\/www.grangaladipappagalli.org\/wp-content\/uploads\/2018\/10\/IMG-20181016-WA0006-300x225.jpg 300w, https:\/\/www.grangaladipappagalli.org\/wp-content\/uploads\/2018\/10\/IMG-20181016-WA0006-768x576.jpg 768w, https:\/\/www.grangaladipappagalli.org\/wp-content\/uploads\/2018\/10\/IMG-20181016-WA0006-1024x768.jpg 1024w, https:\/\/www.grangaladipappagalli.org\/wp-content\/uploads\/2018\/10\/IMG-20181016-WA0006.jpg 1600w\" sizes=\"auto, (max-width: 300px) 100vw, 300px\" \/><\/a><figcaption id=\"caption-attachment-3818\" class=\"wp-caption-text\">Idea molto originale di trasportino<\/figcaption><\/figure>\n<p>A parte questo, ai fini del documentarsi sulle varie realt\u00e0 presenti oltre il confine, \u00e8 stata comunque un\u2019esperienza utile.<\/p>\n<p>Fortunatamente il giorno precedente la realt\u00e0 era completamente diversa, ed esemplare.<\/p>\n<p>Si avvicina l\u2019ora del ritorno e si riparte.<\/p>\n<figure id=\"attachment_3836\" aria-describedby=\"caption-attachment-3836\" style=\"width: 550px\" class=\"wp-caption alignleft\"><a href=\"http:\/\/www.grangaladipappagalli.org\/wp-content\/uploads\/2018\/10\/20181014_1706071.jpg\" rel=\"attachment wp-att-3836\"><img loading=\"lazy\" decoding=\"async\" class=\"wp-image-3836 size-large\" src=\"http:\/\/www.grangaladipappagalli.org\/wp-content\/uploads\/2018\/10\/20181014_1706071-1024x576.jpg\" alt=\"20181014_1706071\" width=\"550\" height=\"309\" srcset=\"https:\/\/www.grangaladipappagalli.org\/wp-content\/uploads\/2018\/10\/20181014_1706071-1024x576.jpg 1024w, https:\/\/www.grangaladipappagalli.org\/wp-content\/uploads\/2018\/10\/20181014_1706071-300x169.jpg 300w, https:\/\/www.grangaladipappagalli.org\/wp-content\/uploads\/2018\/10\/20181014_1706071-768x432.jpg 768w, https:\/\/www.grangaladipappagalli.org\/wp-content\/uploads\/2018\/10\/20181014_1706071.jpg 2048w\" sizes=\"auto, (max-width: 550px) 100vw, 550px\" \/><\/a><figcaption id=\"caption-attachment-3836\" class=\"wp-caption-text\">Vogelpark Turnersee St. Primus A<\/figcaption><\/figure>\n<p>Il viaggio prosegue tra una chiacchiera, un po\u2019 di sonnecchio, e qualche risata. Arriviamo in Austria, e dopo una sosta per pranzare il viaggio prosegue.<\/p>\n<p>Essendo in direzione verso il ritorno, decidiamo di fermarci a visitare un bellissimo parco zoo privato: Vogelpark Turnersee 8 9123 St. Primus, Austria.<\/p>\n<figure id=\"attachment_3829\" aria-describedby=\"caption-attachment-3829\" style=\"width: 252px\" class=\"wp-caption alignleft\"><a href=\"http:\/\/www.grangaladipappagalli.org\/wp-content\/uploads\/2018\/10\/IMG-20181014-WA0058.jpg\" rel=\"attachment wp-att-3829\"><img loading=\"lazy\" decoding=\"async\" class=\"wp-image-3829 size-medium\" src=\"http:\/\/www.grangaladipappagalli.org\/wp-content\/uploads\/2018\/10\/IMG-20181014-WA0058-252x300.jpg\" alt=\"img-20181014-wa0058\" width=\"252\" height=\"300\" srcset=\"https:\/\/www.grangaladipappagalli.org\/wp-content\/uploads\/2018\/10\/IMG-20181014-WA0058-252x300.jpg 252w, https:\/\/www.grangaladipappagalli.org\/wp-content\/uploads\/2018\/10\/IMG-20181014-WA0058-768x916.jpg 768w, https:\/\/www.grangaladipappagalli.org\/wp-content\/uploads\/2018\/10\/IMG-20181014-WA0058-859x1024.jpg 859w, https:\/\/www.grangaladipappagalli.org\/wp-content\/uploads\/2018\/10\/IMG-20181014-WA0058.jpg 1285w\" sizes=\"auto, (max-width: 252px) 100vw, 252px\" \/><\/a><figcaption id=\"caption-attachment-3829\" class=\"wp-caption-text\"><strong>Pappagallo frontegialla<\/strong> (Poicephalus flavifrons<\/figcaption><\/figure>\n<figure id=\"attachment_3831\" aria-describedby=\"caption-attachment-3831\" style=\"width: 212px\" class=\"wp-caption alignright\"><a href=\"http:\/\/www.grangaladipappagalli.org\/wp-content\/uploads\/2018\/10\/IMG-20181014-WA0053.jpg\" rel=\"attachment wp-att-3831\"><img loading=\"lazy\" decoding=\"async\" class=\"wp-image-3831 size-medium\" src=\"http:\/\/www.grangaladipappagalli.org\/wp-content\/uploads\/2018\/10\/IMG-20181014-WA0053-212x300.jpg\" alt=\"img-20181014-wa0053\" width=\"212\" height=\"300\" srcset=\"https:\/\/www.grangaladipappagalli.org\/wp-content\/uploads\/2018\/10\/IMG-20181014-WA0053-212x300.jpg 212w, https:\/\/www.grangaladipappagalli.org\/wp-content\/uploads\/2018\/10\/IMG-20181014-WA0053-768x1087.jpg 768w, https:\/\/www.grangaladipappagalli.org\/wp-content\/uploads\/2018\/10\/IMG-20181014-WA0053-723x1024.jpg 723w, https:\/\/www.grangaladipappagalli.org\/wp-content\/uploads\/2018\/10\/IMG-20181014-WA0053.jpg 1130w\" sizes=\"auto, (max-width: 212px) 100vw, 212px\" \/><\/a><figcaption id=\"caption-attachment-3831\" class=\"wp-caption-text\"><strong>Aquila di mare di Steller<\/strong> (Haliaeetus pelagicus)<\/figcaption><\/figure>\n<figure id=\"attachment_3828\" aria-describedby=\"caption-attachment-3828\" style=\"width: 225px\" class=\"wp-caption alignright\"><a href=\"http:\/\/www.grangaladipappagalli.org\/wp-content\/uploads\/2018\/10\/IMG-20181014-WA0062.jpg\" rel=\"attachment wp-att-3828\"><img loading=\"lazy\" decoding=\"async\" class=\"wp-image-3828 size-medium\" src=\"http:\/\/www.grangaladipappagalli.org\/wp-content\/uploads\/2018\/10\/IMG-20181014-WA0062-225x300.jpg\" alt=\"img-20181014-wa0062\" width=\"225\" height=\"300\" srcset=\"https:\/\/www.grangaladipappagalli.org\/wp-content\/uploads\/2018\/10\/IMG-20181014-WA0062-225x300.jpg 225w, https:\/\/www.grangaladipappagalli.org\/wp-content\/uploads\/2018\/10\/IMG-20181014-WA0062-768x1024.jpg 768w, https:\/\/www.grangaladipappagalli.org\/wp-content\/uploads\/2018\/10\/IMG-20181014-WA0062.jpg 1200w\" sizes=\"auto, (max-width: 225px) 100vw, 225px\" \/><\/a><figcaption id=\"caption-attachment-3828\" class=\"wp-caption-text\"><strong>Amazzone codarossa<\/strong> (Amazona brasiliensis)<\/figcaption><\/figure>\n<p>Anche qui abbiamo potuto ammirare delle specie particolari, tra Amazzoni e Ara, oltre ad altre specie; tutte tenute in ampissime voliere ricche di vegetazione. Presenti anche Gufi, Civette e Aquile rare.<\/p>\n<p>Ma il mio personale incanto era rivolto alle Ara Giacinto, verso le quali provo un vero e proprio sconvolgimento interiore\u2026 la loro bellezza e dolcezza mi rapisce. E non potevo che fermarmi li, ad osservarle, ammirarle\u00a0 ed emozionarmi, essendo riuscita ad interagire un po\u2019 con loro.<\/p>\n<figure id=\"attachment_3830\" aria-describedby=\"caption-attachment-3830\" style=\"width: 174px\" class=\"wp-caption alignleft\"><a href=\"http:\/\/www.grangaladipappagalli.org\/wp-content\/uploads\/2018\/10\/IMG-20181014-WA0055.jpg\" rel=\"attachment wp-att-3830\"><img loading=\"lazy\" decoding=\"async\" class=\"wp-image-3830 size-medium\" src=\"http:\/\/www.grangaladipappagalli.org\/wp-content\/uploads\/2018\/10\/IMG-20181014-WA0055-174x300.jpg\" alt=\"img-20181014-wa0055\" width=\"174\" height=\"300\" srcset=\"https:\/\/www.grangaladipappagalli.org\/wp-content\/uploads\/2018\/10\/IMG-20181014-WA0055-174x300.jpg 174w, https:\/\/www.grangaladipappagalli.org\/wp-content\/uploads\/2018\/10\/IMG-20181014-WA0055-768x1321.jpg 768w, https:\/\/www.grangaladipappagalli.org\/wp-content\/uploads\/2018\/10\/IMG-20181014-WA0055-595x1024.jpg 595w, https:\/\/www.grangaladipappagalli.org\/wp-content\/uploads\/2018\/10\/IMG-20181014-WA0055.jpg 930w\" sizes=\"auto, (max-width: 174px) 100vw, 174px\" \/><\/a><figcaption id=\"caption-attachment-3830\" class=\"wp-caption-text\"><strong>Civetta delle nevi<\/strong> Nyctea scandiaca<\/figcaption><\/figure>\n<p>Giunge l\u2019ora di ripartire per proseguire verso il rientro.<\/p>\n<p>Le immagini scorrono nelle menti di ognuno di noi, come in un film in cui ogni tanto si rallentano i fotogrammi per rivivere tutto ci\u00f2 che avevamo visto, e tutti i momenti piacevoli trascorsi insieme.<\/p>\n<p>Le nostre chiacchiere alternate a momenti di riposo, fanno da colonna sonora a questo film, in cui siamo stati davvero bene, e ci portiamo a casa il ricordo di una bellissima esperienza, sicuramente da ripetere.<\/p>\n<p>Ormai \u00e8 buio, e il paesaggio comparso all\u2019alba durante il viaggio dell\u2019andata, lascia il posto alle illuminazioni, e si trasforma.<\/p>\n<p>Siamo in dirittura d\u2019arrivo, ed \u00e8 arrivato il momento dei saluti.<\/p>\n<p>Un grazie con i fiocchi a Vittorio, che ci ha portati per tutto il viaggio di andata e ritorno guidando in maniera impeccabile, con una padronanza e nel contempo morbidezza nella guida davvero esemplare. Grazie Vittorio!<\/p>\n<p>Grazie a Ivica, che ha organizzato sul posto il tutto, e ci ha portati in posti molto belli, dove abbiamo gustato delle delizie.<\/p>\n<p>Grazie a tutti voi per l\u2019ottima compagnia e per aver reso questa esperienza davvero speciale per tutto quello che abbiamo visto e condiviso insieme.<\/p>\n<p>e che altro aggiungere se non \u201c Alla prossima\u2026? \u201c<\/p>\n<p>&nbsp;<\/p>\n<p>Maria Tommasi<\/p>\n","protected":false},"excerpt":{"rendered":"<p>Dal diario di bordo Destinazione Repubblica Ceca By Maria Tommasi \u201cE non c\u2019\u00e8 niente di pi\u00f9 bello dell\u2019istante che precede il viaggio, l\u2019istante in cui l\u2019orizzonte del domani viene a renderci visita e a raccontarci le sue promesse.\u201d (Milan Kundera) E\u2019 notte fonda quando il bagagliaio del pulmino viene riempito con le nostre cose, i &hellip; <a href=\"https:\/\/www.grangaladipappagalli.org\/?p=3817\" class=\"more-link\">Leggi tutto <span class=\"screen-reader-text\">Olomouc Repubblica Ceca<\/span><\/a><\/p>\n","protected":false},"author":1,"featured_media":3819,"comment_status":"open","ping_status":"open","sticky":false,"template":"","format":"standard","meta":{"jetpack_post_was_ever_published":false,"_jetpack_newsletter_access":"","_jetpack_dont_email_post_to_subs":false,"_jetpack_newsletter_tier_id":0,"_jetpack_memberships_contains_paywalled_content":false,"_jetpack_memberships_contains_paid_content":false,"footnotes":"","jetpack_publicize_message":"","jetpack_publicize_feature_enabled":true,"jetpack_social_post_already_shared":false,"jetpack_social_options":{"image_generator_settings":{"template":"highway","default_image_id":0,"font":"","enabled":false},"version":2}},"categories":[12],"tags":[],"class_list":["post-3817","post","type-post","status-publish","format-standard","has-post-thumbnail","hentry","category-viaggi-e-visite-in-allevamenti"],"jetpack_publicize_connections":[],"jetpack_featured_media_url":"https:\/\/www.grangaladipappagalli.org\/wp-content\/uploads\/2018\/10\/IMG-20181014-WA0086.jpg","jetpack_sharing_enabled":true,"jetpack_shortlink":"https:\/\/wp.me\/paXnOP-Zz","_links":{"self":[{"href":"https:\/\/www.grangaladipappagalli.org\/index.php?rest_route=\/wp\/v2\/posts\/3817","targetHints":{"allow":["GET"]}}],"collection":[{"href":"https:\/\/www.grangaladipappagalli.org\/index.php?rest_route=\/wp\/v2\/posts"}],"about":[{"href":"https:\/\/www.grangaladipappagalli.org\/index.php?rest_route=\/wp\/v2\/types\/post"}],"author":[{"embeddable":true,"href":"https:\/\/www.grangaladipappagalli.org\/index.php?rest_route=\/wp\/v2\/users\/1"}],"replies":[{"embeddable":true,"href":"https:\/\/www.grangaladipappagalli.org\/index.php?rest_route=%2Fwp%2Fv2%2Fcomments&post=3817"}],"version-history":[{"count":11,"href":"https:\/\/www.grangaladipappagalli.org\/index.php?rest_route=\/wp\/v2\/posts\/3817\/revisions"}],"predecessor-version":[{"id":3849,"href":"https:\/\/www.grangaladipappagalli.org\/index.php?rest_route=\/wp\/v2\/posts\/3817\/revisions\/3849"}],"wp:featuredmedia":[{"embeddable":true,"href":"https:\/\/www.grangaladipappagalli.org\/index.php?rest_route=\/wp\/v2\/media\/3819"}],"wp:attachment":[{"href":"https:\/\/www.grangaladipappagalli.org\/index.php?rest_route=%2Fwp%2Fv2%2Fmedia&parent=3817"}],"wp:term":[{"taxonomy":"category","embeddable":true,"href":"https:\/\/www.grangaladipappagalli.org\/index.php?rest_route=%2Fwp%2Fv2%2Fcategories&post=3817"},{"taxonomy":"post_tag","embeddable":true,"href":"https:\/\/www.grangaladipappagalli.org\/index.php?rest_route=%2Fwp%2Fv2%2Ftags&post=3817"}],"curies":[{"name":"wp","href":"https:\/\/api.w.org\/{rel}","templated":true}]}}